{"id":426,"date":"2015-07-03T06:24:44","date_gmt":"2015-07-03T06:24:44","guid":{"rendered":"http:\/\/www.ceeiextremadura.com\/?p=426"},"modified":"2015-07-15T11:04:34","modified_gmt":"2015-07-15T11:04:34","slug":"noticia-1","status":"publish","type":"post","link":"https:\/\/www.ceeiextremadura.com\/?p=426","title":{"rendered":"XIV FORO NEOTEC INNVIERTE"},"content":{"rendered":"<p><em><span id=\"OBJ_PREFIX_DWT7606_com_zimbra_date\" class=\"Object\">3 Julio 2015<\/span><\/em> Foro de encuentro anual entre inversores\u00a0y empresas\u00a0de base tecnol\u00f3gica inmersas en rondas de financiaci\u00f3n. Este a\u00f1o se celebra el <span id=\"OBJ_PREFIX_DWT7607_com_zimbra_date\" class=\"Object\">26 de noviembre<\/span> en Santander y el <strong>plazo de presentaci\u00f3n<\/strong> de propuestas finaliza el<strong>\u00a0<span id=\"OBJ_PREFIX_DWT7608_com_zimbra_date\" class=\"Object\">10 de\u00a0septiembre<\/span> de 2015.<\/strong><\/p>\n<div><span id=\"OBJ_PREFIX_DWT7609_com_zimbra_url\" class=\"Object\"><a href=\"https:\/\/www.cdti.es\/index.asp?MP=7&amp;MS=661&amp;MN=4\" target=\"_blank\">M\u00e1s Info<\/a><\/span><\/div>\n","protected":false},"excerpt":{"rendered":"<p>3 Julio 2015 Foro de encuentro anual entre inversores\u00a0y empresas\u00a0de base tecnol\u00f3gica inmersas en rondas de financiaci\u00f3n. Este a\u00f1o se celebra el 26 de noviembre en Santander y el plazo de presentaci\u00f3n de propuestas finaliza el\u00a010 de\u00a0septiembre de 2015. M\u00e1s Info<\/p>\n","protected":false},"author":4,"featured_media":0,"comment_status":"closed","ping_status":"closed","sticky":true,"template":"","format":"standard","meta":{"_et_pb_use_builder":"","_et_pb_old_content":"","_et_gb_content_width":"","footnotes":""},"categories":[3],"tags":[4],"class_list":["post-426","post","type-post","status-publish","format-standard","hentry","category-news","tag-news"],"_links":{"self":[{"href":"https:\/\/www.ceeiextremadura.com\/index.php?rest_route=\/wp\/v2\/posts\/426","targetHints":{"allow":["GET"]}}],"collection":[{"href":"https:\/\/www.ceeiextremadura.com\/index.php?rest_route=\/wp\/v2\/posts"}],"about":[{"href":"https:\/\/www.ceeiextremadura.com\/index.php?rest_route=\/wp\/v2\/types\/post"}],"author":[{"embeddable":true,"href":"https:\/\/www.ceeiextremadura.com\/index.php?rest_route=\/wp\/v2\/users\/4"}],"replies":[{"embeddable":true,"href":"https:\/\/www.ceeiextremadura.com\/index.php?rest_route=%2Fwp%2Fv2%2Fcomments&post=426"}],"version-history":[{"count":4,"href":"https:\/\/www.ceeiextremadura.com\/index.php?rest_route=\/wp\/v2\/posts\/426\/revisions"}],"predecessor-version":[{"id":453,"href":"https:\/\/www.ceeiextremadura.com\/index.php?rest_route=\/wp\/v2\/posts\/426\/revisions\/453"}],"wp:attachment":[{"href":"https:\/\/www.ceeiextremadura.com\/index.php?rest_route=%2Fwp%2Fv2%2Fmedia&parent=426"}],"wp:term":[{"taxonomy":"category","embeddable":true,"href":"https:\/\/www.ceeiextremadura.com\/index.php?rest_route=%2Fwp%2Fv2%2Fcategories&post=426"},{"taxonomy":"post_tag","embeddable":true,"href":"https:\/\/www.ceeiextremadura.com\/index.php?rest_route=%2Fwp%2Fv2%2Ftags&post=426"}],"curies":[{"name":"wp","href":"https:\/\/api.w.org\/{rel}","templated":true}]}}